{"id":9295,"date":"2024-10-25T07:43:45","date_gmt":"2024-10-25T07:43:45","guid":{"rendered":"http:\/\/www.mesastrigo-advocats.com\/?p=9295"},"modified":"2025-07-09T08:13:59","modified_gmt":"2025-07-09T08:13:59","slug":"transmision-acciones-tributacion-irpf","status":"publish","type":"post","link":"https:\/\/www.mesastrigoadvocats.com\/en\/blog\/transmision-acciones-tributacion-irpf\/","title":{"rendered":"Transmisi\u00f3n de acciones: Tributaci\u00f3n en el IRPF"},"content":{"rendered":"\t\t<div data-elementor-type=\"wp-post\" data-elementor-id=\"9295\" class=\"elementor elementor-9295\">\n\t\t\t\t        <section class=\"elementor-section elementor-top-section elementor-element elementor-element-b18bb8d elementor-section-boxed elementor-section-height-default elementor-section-height-default pxl-type-header-none pxl-row-scroll-none pxl-bg-color-none pxl-section-overlay-none\" data-id=\"b18bb8d\" data-element_type=\"section\">\n\n                \n                <div class=\"elementor-container elementor-column-gap-default \">\n                <div class=\"elementor-column elementor-col-100 elementor-top-column elementor-element elementor-element-c1b2971 pxl-col-none pxl-column-none\" data-id=\"c1b2971\" data-element_type=\"column\">\r\n        <div class=\"elementor-widget-wrap elementor-element-populated\">\r\n                     \r\n        \t\t<div class=\"elementor-element elementor-element-64c439c elementor-widget elementor-widget-heading\" data-id=\"64c439c\" data-element_type=\"widget\" data-widget_type=\"heading.default\">\n\t\t\t\t<div class=\"elementor-widget-container\">\n\t\t\t<div id=\"pxl-heading-64c439c-6312\" class=\"pxl-heading typewriter-color\">\n\t<div class=\"pxl-heading--inner\">\n\t\t\n\t\t\t\t\t<h2 class=\"pxl-item--title  highlight-default \" data-wow-delay=\"ms\">\n\t\t\t\tTransmisi\u00f3n de acciones: Tributaci\u00f3n en el IRPF\t\t\n\t\t\t<\/h2>\n\t\t\n\t\t\t<\/div>\n<\/div>\t\t<\/div>\n\t\t\t\t<\/div>\n\t\t            <\/div>\r\n        <\/div>\r\n        \t\t\t<\/div>\n\t\t<\/section>\n\t\t        <section class=\"elementor-section elementor-top-section elementor-element elementor-element-a322cd0 elementor-section-boxed elementor-section-height-default elementor-section-height-default pxl-type-header-none pxl-row-scroll-none pxl-bg-color-none pxl-section-overlay-none\" data-id=\"a322cd0\" data-element_type=\"section\">\n\n                \n                <div class=\"elementor-container elementor-column-gap-default \">\n                <div class=\"elementor-column elementor-col-100 elementor-top-column elementor-element elementor-element-820f288 pxl-col-none pxl-column-none\" data-id=\"820f288\" data-element_type=\"column\">\r\n        <div class=\"elementor-widget-wrap elementor-element-populated\">\r\n                     \r\n        \t\t<div class=\"elementor-element elementor-element-1d64f19 elementor-widget elementor-widget-text-editor\" data-id=\"1d64f19\" data-element_type=\"widget\" data-widget_type=\"text-editor.default\">\n\t\t\t\t<div class=\"elementor-widget-container\">\n\t\t\t\t\t\t\t<p>Aquesta setmana volem compartir amb els lectors la Consulta Vinculant n\u00famero CV0321-2024 del Departament de Tributs i de Fronteres (en endavant, DTF), del 13 d\u2019agost del 2024, en relaci\u00f3 amb la determinaci\u00f3 del guany als efectes de l\u2019Impost sobre la Renda de les Persones F\u00edsiques derivat de la transmissi\u00f3 d\u2019accions d\u2019una societat amb m\u00e9s del 50% de l\u2019actiu compost per b\u00e9ns immobles situats a Andorra.<\/p><p>El consultant, resident fiscal a Andorra, \u00e9s titular de 1.250 accions de la societat andorrana B. Aquestes accions es van adquirir l\u2019any 1984 i 2000. La pr\u00e0ctica totalitat de l\u2019actiu d\u2019aquesta entitat est\u00e0 format per b\u00e9ns immobles situats al Principat d\u2019Andorra, de tal forma que aquests representen m\u00e9s del 50% del seu actiu. Actualment, est\u00e0 valorant transmetre aquestes participacions a un tercer davant de notari andorr\u00e0.<\/p><p>En refer\u00e8ncia amb la Consulta el DTF estableix que sobre l\u2019aplicaci\u00f3 dels coeficients correctors en el guany o la p\u00e8rdua de capital derivat de la transmissi\u00f3 d\u2019accions d\u2019una societat quan almenys el 50% de l\u2019actiu de l\u2019entitat esmentada est\u00e0 compost per b\u00e9ns immobles situats a Andorra, la Llei 5\/2014, del 24 d\u2019abril, de l\u2019impost sobre la renda de les persones f\u00edsiques, a l\u2019article 27 bis, als apartats 1.a, 2, 3 i 4, estableix el seg\u00fcent:<\/p><p>\u201cArticle 27 bis. C\u00f2mput dels guanys i de les p\u00e8rdues de capital en transmissions d\u2019immobles situats al Principat d\u2019Andorra<\/p><p>El c\u00f2mput dels guanys i de les p\u00e8rdues de capital derivats de la transmissi\u00f3 de b\u00e9ns immobles situats al Principat d\u2019Andorra es regeix pel que s\u2019estableix en aquest article. Als efectes d\u2019aquest article, s\u2019assimilen a les transmissions de b\u00e9ns immobles situats al Principat d\u2019Andorra els actes seg\u00fcents:<\/p><p>a) La transmissi\u00f3 d\u2019accions o de participacions en entitats, aix\u00ed com la constituci\u00f3 o cessi\u00f3 de drets reals sobre aquestes accions o participacions quan almenys el 50% de l\u2019actiu de les entitats esmentades estigui compost, de forma directa o indirecta, per b\u00e9ns immobles situats al Principat d\u2019Andorra o per drets reals sobre aquests mateixos b\u00e9ns, o b\u00e9 quan aquests drets o participacions atribueixin al seu titular el dret a gaudir de b\u00e9ns immobles situats al Principat d\u2019Andorra.<\/p><p>[\u2026]<\/p><p>Per determinar l\u2019import d\u2019aquests guanys i p\u00e8rdues de capital s\u2019han de tenir en compte les regles seg\u00fcents:<\/p><p>a) La base de tributaci\u00f3 est\u00e0 constitu\u00efda per la difer\u00e8ncia positiva entre el valor real dels b\u00e9ns transmesos o del dret que es constitueix o cedeix i el seu valor d\u2019adquisici\u00f3.<\/p><p>b) En les transmissions, oneroses o lucratives, el valor real dels b\u00e9ns transmesos o del dret que se cedeix es determina d\u2019acord amb el que disposa la Llei de l\u2019impost sobre transmissions patrimonials immobili\u00e0ries, del 29 de desembre del 2000.<\/p><p>c) El valor d\u2019adquisici\u00f3 es determina pel valor que s\u2019hagi consignat en el document que acrediti l\u2019adquisici\u00f3. En el cas que aquest valor hagi estat objecte de comprovaci\u00f3 per part de l\u2019Administraci\u00f3, es pren com a valor d\u2019adquisici\u00f3 el resultant de la comprovaci\u00f3.<\/p><p>d) Al valor d\u2019adquisici\u00f3 s\u2019hi addiciona l\u2019import de les inversions o millores realitzades en el b\u00e9 objecte de la transmissi\u00f3, aix\u00ed com els tributs i les despeses associades exclusivament a la promoci\u00f3 immobili\u00e0ria i a l\u2019adquisici\u00f3 dels b\u00e9ns transmesos o dels drets que es constitueixen o cedeixen. Les inversions i millores efectuades han d\u2019estar en termes de la legislaci\u00f3 urban\u00edstica degudament legalitzades i, juntament amb els tributs i les despeses associades, s\u2019han de justificar documentalment a trav\u00e9s de factures emeses per empresaris o professionals, en els termes que es determinin reglament\u00e0riament.<\/p><p>Es consideren tributs i despeses associades els tributs suportats no dedu\u00efbles i les despeses que estiguin directament relacionades i tinguin un vincle econ\u00f2mic indissociable i directe amb la promoci\u00f3 immobili\u00e0ria o amb l\u2019adquisici\u00f3 dels b\u00e9ns transmesos o dels drets que es constitueixen o cedeixen.<\/p><p>e) El valor d\u2019adquisici\u00f3 es minora en l\u2019import de les amortitzacions que hagin estat fiscalment dedu\u00efbles a efectes d\u2019aquest impost durant el per\u00edode de tinen\u00e7a del b\u00e9 immoble.<\/p><p>f) Quan l\u2019adquisici\u00f3 s\u2019hagi fet a t\u00edtol lucratiu, el valor de compra el constitueix el valor real dels b\u00e9ns en el moment de l\u2019adquisici\u00f3.<\/p><p>g) Als efectes d\u2019aquest impost, quan es tracti de transmissions a t\u00edtol gratu\u00eft o de transmissions a t\u00edtol oner\u00f3s sense intervenci\u00f3 de preu, les parts han de fer constar a l\u2019escriptura o al document de liquidaci\u00f3 el valor que atribueixen als b\u00e9ns objecte de la transmissi\u00f3.<\/p><p>El guany o la p\u00e8rdua de capital que resulti segons les regles dels apartats anteriors, i que s\u2019hagi generat durant un per\u00edode de temps superior a cinc anys, es corregeix mitjan\u00e7ant l\u2019aplicaci\u00f3 dels coeficients multiplicadors seg\u00fcents, en funci\u00f3 dels anys en qu\u00e8 el b\u00e9 immoble hagi estat propietat de l\u2019obligat tributari:<\/p><p>a) 0,8 entre cinc anys i un dia i sis anys.<\/p><p>b) 0,6 entre sis anys i un dia i set anys.<\/p><p>c) 0,4 entre set anys i un dia i vuit anys.<\/p><p>d) 0,2 entre vuit anys i un dia i nou anys.<\/p><p>e) 0,1 entre nou anys i un dia i deu anys.<\/p><p>El nombre d\u2019anys es determina, i s\u2019ajusta per exc\u00e9s, de data a data en qu\u00e8 l\u2019immoble o el dret hagi estat propietat de l\u2019obligat tributari. A aquest efecte, les inversions computen amb la mateixa antiguitat que l\u2019immoble.<\/p><p>Els guanys i les p\u00e8rdues de capital derivats de les transmissions a qu\u00e8 es refereix aquest article no s\u00f3n objecte d\u2019integraci\u00f3 a la base de tributaci\u00f3 quan, en el moment de la transmissi\u00f3, els b\u00e9ns immobles han estat propietat de l\u2019obligat tributari per un per\u00edode de temps superior a deu anys\u201d.<\/p><p>D\u2019acord amb aquest precepte, la transmissi\u00f3 d\u2019accions d\u2019una societat quan almenys el 50% de l\u2019actiu de l\u2019entitat esmentada est\u00e0 compost per b\u00e9ns immobles situats a Andorra s\u2019assimila a la transmissi\u00f3 de b\u00e9ns immobles. Per tant, les regles previstes en aquest article i els coeficients correctors per determinar el guany o la p\u00e8rdua de capital tamb\u00e9 seran aplicables en aquesta operaci\u00f3. En el cas en q\u00fcesti\u00f3, en qu\u00e8 el consultant ha mantingut la propietat de les accions que s\u00f3n objecte de transmissi\u00f3 durant un per\u00edode superior a deu anys, el guany o la p\u00e8rdua resultant de l\u2019operaci\u00f3 no s\u2019haur\u00e0 d\u2019integrar en la base de tributaci\u00f3 de l\u2019impost.<\/p><p>Pel que fa a l\u2019obligaci\u00f3 d\u2019efectuar el pagament a compte, la mateixa Llei, a l\u2019article 51 bis, preveu el seg\u00fcent:<\/p><p>\u201cArticle 51 bis. Pagaments a compte en transmissions immobili\u00e0ries<\/p><p>Els obligats tributaris que obtinguin rendes positives derivades de la transmissi\u00f3 de b\u00e9ns immobles situats al territori del Principat d\u2019Andorra han d\u2019efectuar un pagament a compte d\u2019aquest impost i ingressar l\u2019import al ministeri encarregat de les finances en els terminis i les condicions que s\u2019estableixen en aquest article.<\/p><p>Tamb\u00e9 estan subjectes a l\u2019obligaci\u00f3 d\u2019efectuar aquest pagament a compte els obligats tributaris que obtinguin rendes derivades dels actes esmentats a les lletres a), b), c) i d) de l\u2019apartat 1 de l\u2019article 27 bis.<\/p><p>L\u2019import del pagament a compte \u00e9s el resultat d\u2019aplicar el tipus de gravamen de l\u2019impost sobre l\u2019import de la renda obtinguda, determinada d\u2019acord amb les regles previstes en aquesta Llei.<\/p><p>No s\u2019ha d\u2019efectuar el pagament a compte previst a l\u2019apartat 1 d\u2019aquest article quan la renda estigui exempta d\u2019acord amb el que es preveu a l\u2019article 5\u201d.<\/p><p>Tenint en compte aquest article, considerant que el consultant ha mantingut la propietat d\u2019aquestes accions durant un per\u00edode de temps superior a deu anys i, per conseg\u00fcent, no ha d\u2019integrar a la seva base de tributaci\u00f3 la renda que es derivi d\u2019aquesta operaci\u00f3, en el cas en q\u00fcesti\u00f3 no hi ha lloc a efectuar el pagament a compte.<\/p><p>Descobreix aqu\u00ed la not\u00edcia: <a href=\"https:\/\/elperiodic.ad\/opinion\/consultori-fiscal\/\" target=\"_blank\" rel=\"noopener\">Tributaci\u00f3 en la transcripci\u00f3 de documents<\/a><\/p>\t\t\t\t\t\t<\/div>\n\t\t\t\t<\/div>\n\t\t            <\/div>\r\n        <\/div>\r\n        \t\t\t<\/div>\n\t\t<\/section>\n\t\t\t\t<\/div>\n\t\t","protected":false},"excerpt":{"rendered":"<p>Compartim la Consulta Vinculant en relaci\u00f3 als efectes de l&#8217;IRPF derivat de la transmissi\u00f3 d\u2019accions a Andorra.<\/p>\n","protected":false},"author":1,"featured_media":9859,"comment_status":"closed","ping_status":"open","sticky":false,"template":"","format":"standard","meta":{"footnotes":""},"categories":[30],"tags":[],"class_list":["post-9295","post","type-post","status-publish","format-standard","has-post-thumbnail","hentry","category-consultorio-fiscal"],"yoast_head":"<!-- This site is optimized with the Yoast SEO Premium plugin v25.3 (Yoast SEO v25.3) - https:\/\/yoast.com\/wordpress\/plugins\/seo\/ -->\n<title>Transmisi\u00f3n de acciones - Mesas Trigo abogados<\/title>\n<meta name=\"description\" content=\"Analizamos la consulta Vinculante CV0321-2024: transmisi\u00f3n de acciones activos inmobiliarios y aplicaci\u00f3n de coeficientes correctores en IRPF\" \/>\n<meta name=\"robots\" content=\"index, follow, max-snippet:-1, max-image-preview:large, max-video-preview:-1\" \/>\n<link rel=\"canonical\" href=\"https:\/\/www.mesastrigoadvocats.com\/blog\/transmision-acciones-tributacion-irpf\/\" \/>\n<meta property=\"og:locale\" content=\"en_US\" \/>\n<meta property=\"og:type\" content=\"article\" \/>\n<meta property=\"og:title\" content=\"Transmisi\u00f3n de acciones: Tributaci\u00f3n en el IRPF\" \/>\n<meta property=\"og:description\" content=\"Analizamos la consulta Vinculante CV0321-2024: transmisi\u00f3n de acciones activos inmobiliarios y aplicaci\u00f3n de coeficientes correctores en IRPF\" \/>\n<meta property=\"og:url\" content=\"https:\/\/www.mesastrigoadvocats.com\/blog\/transmision-acciones-tributacion-irpf\/\" \/>\n<meta property=\"og:site_name\" content=\"Mesas Trigo advocats\" \/>\n<meta property=\"article:published_time\" content=\"2024-10-25T07:43:45+00:00\" \/>\n<meta property=\"article:modified_time\" content=\"2025-07-09T08:13:59+00:00\" \/>\n<meta property=\"og:image\" content=\"https:\/\/www.mesastrigoadvocats.com\/wp-content\/uploads\/2024\/10\/Transmision-de-acciones-e1738670102804.jpg\" \/>\n\t<meta property=\"og:image:width\" content=\"734\" \/>\n\t<meta property=\"og:image:height\" content=\"445\" \/>\n\t<meta property=\"og:image:type\" content=\"image\/jpeg\" \/>\n<meta name=\"author\" content=\"sysadm\" \/>\n<meta name=\"twitter:card\" content=\"summary_large_image\" \/>\n<meta name=\"twitter:label1\" content=\"Written by\" \/>\n\t<meta name=\"twitter:data1\" content=\"sysadm\" \/>\n\t<meta name=\"twitter:label2\" content=\"Est. reading time\" \/>\n\t<meta name=\"twitter:data2\" content=\"1 minute\" \/>\n<script type=\"application\/ld+json\" class=\"yoast-schema-graph\">{\"@context\":\"https:\/\/schema.org\",\"@graph\":[{\"@type\":\"Article\",\"@id\":\"https:\/\/www.mesastrigoadvocats.com\/blog\/transmision-acciones-tributacion-irpf\/#article\",\"isPartOf\":{\"@id\":\"https:\/\/www.mesastrigoadvocats.com\/blog\/transmision-acciones-tributacion-irpf\/\"},\"author\":{\"name\":\"sysadm\",\"@id\":\"https:\/\/www.mesastrigoadvocats.com\/#\/schema\/person\/3735ab12a257576afc816e85322630c3\"},\"headline\":\"Transmisi\u00f3n de acciones: Tributaci\u00f3n en el IRPF\",\"datePublished\":\"2024-10-25T07:43:45+00:00\",\"dateModified\":\"2025-07-09T08:13:59+00:00\",\"mainEntityOfPage\":{\"@id\":\"https:\/\/www.mesastrigoadvocats.com\/blog\/transmision-acciones-tributacion-irpf\/\"},\"wordCount\":1410,\"publisher\":{\"@id\":\"https:\/\/www.mesastrigoadvocats.com\/#organization\"},\"image\":{\"@id\":\"https:\/\/www.mesastrigoadvocats.com\/blog\/transmision-acciones-tributacion-irpf\/#primaryimage\"},\"thumbnailUrl\":\"https:\/\/www.mesastrigoadvocats.com\/wp-content\/uploads\/2024\/10\/Transmision-de-acciones-e1738670102804.jpg\",\"articleSection\":[\"Consultorio fiscal\"],\"inLanguage\":\"en-US\"},{\"@type\":\"WebPage\",\"@id\":\"https:\/\/www.mesastrigoadvocats.com\/blog\/transmision-acciones-tributacion-irpf\/\",\"url\":\"https:\/\/www.mesastrigoadvocats.com\/blog\/transmision-acciones-tributacion-irpf\/\",\"name\":\"Transmisi\u00f3n de acciones - Mesas Trigo abogados\",\"isPartOf\":{\"@id\":\"https:\/\/www.mesastrigoadvocats.com\/#website\"},\"primaryImageOfPage\":{\"@id\":\"https:\/\/www.mesastrigoadvocats.com\/blog\/transmision-acciones-tributacion-irpf\/#primaryimage\"},\"image\":{\"@id\":\"https:\/\/www.mesastrigoadvocats.com\/blog\/transmision-acciones-tributacion-irpf\/#primaryimage\"},\"thumbnailUrl\":\"https:\/\/www.mesastrigoadvocats.com\/wp-content\/uploads\/2024\/10\/Transmision-de-acciones-e1738670102804.jpg\",\"datePublished\":\"2024-10-25T07:43:45+00:00\",\"dateModified\":\"2025-07-09T08:13:59+00:00\",\"description\":\"Analizamos la consulta Vinculante CV0321-2024: transmisi\u00f3n de acciones activos inmobiliarios y aplicaci\u00f3n de coeficientes correctores en IRPF\",\"breadcrumb\":{\"@id\":\"https:\/\/www.mesastrigoadvocats.com\/blog\/transmision-acciones-tributacion-irpf\/#breadcrumb\"},\"inLanguage\":\"en-US\",\"potentialAction\":[{\"@type\":\"ReadAction\",\"target\":[\"https:\/\/www.mesastrigoadvocats.com\/blog\/transmision-acciones-tributacion-irpf\/\"]}]},{\"@type\":\"ImageObject\",\"inLanguage\":\"en-US\",\"@id\":\"https:\/\/www.mesastrigoadvocats.com\/blog\/transmision-acciones-tributacion-irpf\/#primaryimage\",\"url\":\"https:\/\/www.mesastrigoadvocats.com\/wp-content\/uploads\/2024\/10\/Transmision-de-acciones-e1738670102804.jpg\",\"contentUrl\":\"https:\/\/www.mesastrigoadvocats.com\/wp-content\/uploads\/2024\/10\/Transmision-de-acciones-e1738670102804.jpg\",\"width\":734,\"height\":445,\"caption\":\"Transmisi\u00f3n de acciones: Tributaci\u00f3n en el IRPF\"},{\"@type\":\"BreadcrumbList\",\"@id\":\"https:\/\/www.mesastrigoadvocats.com\/blog\/transmision-acciones-tributacion-irpf\/#breadcrumb\",\"itemListElement\":[{\"@type\":\"ListItem\",\"position\":1,\"name\":\"Portada\",\"item\":\"https:\/\/www.mesastrigoadvocats.com\/\"},{\"@type\":\"ListItem\",\"position\":2,\"name\":\"Transmisi\u00f3n de acciones: Tributaci\u00f3n en el IRPF\"}]},{\"@type\":\"WebSite\",\"@id\":\"https:\/\/www.mesastrigoadvocats.com\/#website\",\"url\":\"https:\/\/www.mesastrigoadvocats.com\/\",\"name\":\"Mesas Trigo\",\"description\":\"Mesas Trigo advocats\",\"publisher\":{\"@id\":\"https:\/\/www.mesastrigoadvocats.com\/#organization\"},\"potentialAction\":[{\"@type\":\"SearchAction\",\"target\":{\"@type\":\"EntryPoint\",\"urlTemplate\":\"https:\/\/www.mesastrigoadvocats.com\/?s={search_term_string}\"},\"query-input\":{\"@type\":\"PropertyValueSpecification\",\"valueRequired\":true,\"valueName\":\"search_term_string\"}}],\"inLanguage\":\"en-US\"},{\"@type\":\"Organization\",\"@id\":\"https:\/\/www.mesastrigoadvocats.com\/#organization\",\"name\":\"Mesas Trigo\",\"url\":\"https:\/\/www.mesastrigoadvocats.com\/\",\"logo\":{\"@type\":\"ImageObject\",\"inLanguage\":\"en-US\",\"@id\":\"https:\/\/www.mesastrigoadvocats.com\/#\/schema\/logo\/image\/\",\"url\":\"https:\/\/www.mesastrigoadvocats.com\/wp-content\/uploads\/2024\/11\/cropped-favicon-mesas-trigo.png\",\"contentUrl\":\"https:\/\/www.mesastrigoadvocats.com\/wp-content\/uploads\/2024\/11\/cropped-favicon-mesas-trigo.png\",\"width\":512,\"height\":245,\"caption\":\"Mesas Trigo\"},\"image\":{\"@id\":\"https:\/\/www.mesastrigoadvocats.com\/#\/schema\/logo\/image\/\"}},{\"@type\":\"Person\",\"@id\":\"https:\/\/www.mesastrigoadvocats.com\/#\/schema\/person\/3735ab12a257576afc816e85322630c3\",\"name\":\"sysadm\",\"image\":{\"@type\":\"ImageObject\",\"inLanguage\":\"en-US\",\"@id\":\"https:\/\/www.mesastrigoadvocats.com\/#\/schema\/person\/image\/\",\"url\":\"https:\/\/secure.gravatar.com\/avatar\/88ac8b2de14a1af3ac8ba9e74b983bfe693f5788c87b4b160758d91a1792a658?s=96&d=mm&r=g\",\"contentUrl\":\"https:\/\/secure.gravatar.com\/avatar\/88ac8b2de14a1af3ac8ba9e74b983bfe693f5788c87b4b160758d91a1792a658?s=96&d=mm&r=g\",\"caption\":\"sysadm\"},\"sameAs\":[\"http:\/\/www.mesastrigo.com\"],\"url\":\"https:\/\/www.mesastrigoadvocats.com\/en\/blog\/author\/sysadm\/\"}]}<\/script>\n<!-- \/ Yoast SEO Premium plugin. -->","yoast_head_json":{"title":"Transmisi\u00f3n de acciones - Mesas Trigo abogados","description":"Analizamos la consulta Vinculante CV0321-2024: transmisi\u00f3n de acciones activos inmobiliarios y aplicaci\u00f3n de coeficientes correctores en IRPF","robots":{"index":"index","follow":"follow","max-snippet":"max-snippet:-1","max-image-preview":"max-image-preview:large","max-video-preview":"max-video-preview:-1"},"canonical":"https:\/\/www.mesastrigoadvocats.com\/blog\/transmision-acciones-tributacion-irpf\/","og_locale":"en_US","og_type":"article","og_title":"Transmisi\u00f3n de acciones: Tributaci\u00f3n en el IRPF","og_description":"Analizamos la consulta Vinculante CV0321-2024: transmisi\u00f3n de acciones activos inmobiliarios y aplicaci\u00f3n de coeficientes correctores en IRPF","og_url":"https:\/\/www.mesastrigoadvocats.com\/blog\/transmision-acciones-tributacion-irpf\/","og_site_name":"Mesas Trigo advocats","article_published_time":"2024-10-25T07:43:45+00:00","article_modified_time":"2025-07-09T08:13:59+00:00","og_image":[{"width":734,"height":445,"url":"https:\/\/www.mesastrigoadvocats.com\/wp-content\/uploads\/2024\/10\/Transmision-de-acciones-e1738670102804.jpg","type":"image\/jpeg"}],"author":"sysadm","twitter_card":"summary_large_image","twitter_misc":{"Written by":"sysadm","Est. reading time":"1 minute"},"schema":{"@context":"https:\/\/schema.org","@graph":[{"@type":"Article","@id":"https:\/\/www.mesastrigoadvocats.com\/blog\/transmision-acciones-tributacion-irpf\/#article","isPartOf":{"@id":"https:\/\/www.mesastrigoadvocats.com\/blog\/transmision-acciones-tributacion-irpf\/"},"author":{"name":"sysadm","@id":"https:\/\/www.mesastrigoadvocats.com\/#\/schema\/person\/3735ab12a257576afc816e85322630c3"},"headline":"Transmisi\u00f3n de acciones: Tributaci\u00f3n en el IRPF","datePublished":"2024-10-25T07:43:45+00:00","dateModified":"2025-07-09T08:13:59+00:00","mainEntityOfPage":{"@id":"https:\/\/www.mesastrigoadvocats.com\/blog\/transmision-acciones-tributacion-irpf\/"},"wordCount":1410,"publisher":{"@id":"https:\/\/www.mesastrigoadvocats.com\/#organization"},"image":{"@id":"https:\/\/www.mesastrigoadvocats.com\/blog\/transmision-acciones-tributacion-irpf\/#primaryimage"},"thumbnailUrl":"https:\/\/www.mesastrigoadvocats.com\/wp-content\/uploads\/2024\/10\/Transmision-de-acciones-e1738670102804.jpg","articleSection":["Consultorio fiscal"],"inLanguage":"en-US"},{"@type":"WebPage","@id":"https:\/\/www.mesastrigoadvocats.com\/blog\/transmision-acciones-tributacion-irpf\/","url":"https:\/\/www.mesastrigoadvocats.com\/blog\/transmision-acciones-tributacion-irpf\/","name":"Transmisi\u00f3n de acciones - Mesas Trigo abogados","isPartOf":{"@id":"https:\/\/www.mesastrigoadvocats.com\/#website"},"primaryImageOfPage":{"@id":"https:\/\/www.mesastrigoadvocats.com\/blog\/transmision-acciones-tributacion-irpf\/#primaryimage"},"image":{"@id":"https:\/\/www.mesastrigoadvocats.com\/blog\/transmision-acciones-tributacion-irpf\/#primaryimage"},"thumbnailUrl":"https:\/\/www.mesastrigoadvocats.com\/wp-content\/uploads\/2024\/10\/Transmision-de-acciones-e1738670102804.jpg","datePublished":"2024-10-25T07:43:45+00:00","dateModified":"2025-07-09T08:13:59+00:00","description":"Analizamos la consulta Vinculante CV0321-2024: transmisi\u00f3n de acciones activos inmobiliarios y aplicaci\u00f3n de coeficientes correctores en IRPF","breadcrumb":{"@id":"https:\/\/www.mesastrigoadvocats.com\/blog\/transmision-acciones-tributacion-irpf\/#breadcrumb"},"inLanguage":"en-US","potentialAction":[{"@type":"ReadAction","target":["https:\/\/www.mesastrigoadvocats.com\/blog\/transmision-acciones-tributacion-irpf\/"]}]},{"@type":"ImageObject","inLanguage":"en-US","@id":"https:\/\/www.mesastrigoadvocats.com\/blog\/transmision-acciones-tributacion-irpf\/#primaryimage","url":"https:\/\/www.mesastrigoadvocats.com\/wp-content\/uploads\/2024\/10\/Transmision-de-acciones-e1738670102804.jpg","contentUrl":"https:\/\/www.mesastrigoadvocats.com\/wp-content\/uploads\/2024\/10\/Transmision-de-acciones-e1738670102804.jpg","width":734,"height":445,"caption":"Transmisi\u00f3n de acciones: Tributaci\u00f3n en el IRPF"},{"@type":"BreadcrumbList","@id":"https:\/\/www.mesastrigoadvocats.com\/blog\/transmision-acciones-tributacion-irpf\/#breadcrumb","itemListElement":[{"@type":"ListItem","position":1,"name":"Portada","item":"https:\/\/www.mesastrigoadvocats.com\/"},{"@type":"ListItem","position":2,"name":"Transmisi\u00f3n de acciones: Tributaci\u00f3n en el IRPF"}]},{"@type":"WebSite","@id":"https:\/\/www.mesastrigoadvocats.com\/#website","url":"https:\/\/www.mesastrigoadvocats.com\/","name":"Mesas Trigo","description":"Mesas Trigo advocats","publisher":{"@id":"https:\/\/www.mesastrigoadvocats.com\/#organization"},"potentialAction":[{"@type":"SearchAction","target":{"@type":"EntryPoint","urlTemplate":"https:\/\/www.mesastrigoadvocats.com\/?s={search_term_string}"},"query-input":{"@type":"PropertyValueSpecification","valueRequired":true,"valueName":"search_term_string"}}],"inLanguage":"en-US"},{"@type":"Organization","@id":"https:\/\/www.mesastrigoadvocats.com\/#organization","name":"Mesas Trigo","url":"https:\/\/www.mesastrigoadvocats.com\/","logo":{"@type":"ImageObject","inLanguage":"en-US","@id":"https:\/\/www.mesastrigoadvocats.com\/#\/schema\/logo\/image\/","url":"https:\/\/www.mesastrigoadvocats.com\/wp-content\/uploads\/2024\/11\/cropped-favicon-mesas-trigo.png","contentUrl":"https:\/\/www.mesastrigoadvocats.com\/wp-content\/uploads\/2024\/11\/cropped-favicon-mesas-trigo.png","width":512,"height":245,"caption":"Mesas Trigo"},"image":{"@id":"https:\/\/www.mesastrigoadvocats.com\/#\/schema\/logo\/image\/"}},{"@type":"Person","@id":"https:\/\/www.mesastrigoadvocats.com\/#\/schema\/person\/3735ab12a257576afc816e85322630c3","name":"sysadm","image":{"@type":"ImageObject","inLanguage":"en-US","@id":"https:\/\/www.mesastrigoadvocats.com\/#\/schema\/person\/image\/","url":"https:\/\/secure.gravatar.com\/avatar\/88ac8b2de14a1af3ac8ba9e74b983bfe693f5788c87b4b160758d91a1792a658?s=96&d=mm&r=g","contentUrl":"https:\/\/secure.gravatar.com\/avatar\/88ac8b2de14a1af3ac8ba9e74b983bfe693f5788c87b4b160758d91a1792a658?s=96&d=mm&r=g","caption":"sysadm"},"sameAs":["http:\/\/www.mesastrigo.com"],"url":"https:\/\/www.mesastrigoadvocats.com\/en\/blog\/author\/sysadm\/"}]}},"_links":{"self":[{"href":"https:\/\/www.mesastrigoadvocats.com\/en\/wp-json\/wp\/v2\/posts\/9295","targetHints":{"allow":["GET"]}}],"collection":[{"href":"https:\/\/www.mesastrigoadvocats.com\/en\/wp-json\/wp\/v2\/posts"}],"about":[{"href":"https:\/\/www.mesastrigoadvocats.com\/en\/wp-json\/wp\/v2\/types\/post"}],"author":[{"embeddable":true,"href":"https:\/\/www.mesastrigoadvocats.com\/en\/wp-json\/wp\/v2\/users\/1"}],"replies":[{"embeddable":true,"href":"https:\/\/www.mesastrigoadvocats.com\/en\/wp-json\/wp\/v2\/comments?post=9295"}],"version-history":[{"count":22,"href":"https:\/\/www.mesastrigoadvocats.com\/en\/wp-json\/wp\/v2\/posts\/9295\/revisions"}],"predecessor-version":[{"id":12861,"href":"https:\/\/www.mesastrigoadvocats.com\/en\/wp-json\/wp\/v2\/posts\/9295\/revisions\/12861"}],"wp:featuredmedia":[{"embeddable":true,"href":"https:\/\/www.mesastrigoadvocats.com\/en\/wp-json\/wp\/v2\/media\/9859"}],"wp:attachment":[{"href":"https:\/\/www.mesastrigoadvocats.com\/en\/wp-json\/wp\/v2\/media?parent=9295"}],"wp:term":[{"taxonomy":"category","embeddable":true,"href":"https:\/\/www.mesastrigoadvocats.com\/en\/wp-json\/wp\/v2\/categories?post=9295"},{"taxonomy":"post_tag","embeddable":true,"href":"https:\/\/www.mesastrigoadvocats.com\/en\/wp-json\/wp\/v2\/tags?post=9295"}],"curies":[{"name":"wp","href":"https:\/\/api.w.org\/{rel}","templated":true}]}}